{"id":42920,"date":"2022-01-18T10:19:16","date_gmt":"2022-01-18T09:19:16","guid":{"rendered":"https:\/\/www.moritz-gebaeudereinigung.de\/pomoc-ob-poplavah-v-dolini-ahr\/"},"modified":"2024-10-02T11:22:23","modified_gmt":"2024-10-02T09:22:23","slug":"pomoc-ob-poplavah-v-dolini-ahr","status":"publish","type":"post","link":"https:\/\/www.moritz-gebaeudereinigung.de\/sl\/pomoc-ob-poplavah-v-dolini-ahr\/","title":{"rendered":"Pomo\u010d ob poplavah v dolini Ahr"},"content":{"rendered":"<div class=\"wpb-content-wrapper\"><p>[vc_row][vc_column][vc_column_text]<img loading=\"lazy\" decoding=\"async\" class=\"alignnone wp-image-142 size-full\" src=\"https:\/\/www.moritz-gebaeudereinigung.de\/wp-content\/uploads\/karriere400-1.jpg\" alt=\"\u010cista voda\" width=\"1200\" height=\"400\" srcset=\"https:\/\/www.moritz-gebaeudereinigung.de\/wp-content\/uploads\/karriere400-1.jpg 1200w, https:\/\/www.moritz-gebaeudereinigung.de\/wp-content\/uploads\/karriere400-1-600x200.jpg 600w, https:\/\/www.moritz-gebaeudereinigung.de\/wp-content\/uploads\/karriere400-1-300x100.jpg 300w, https:\/\/www.moritz-gebaeudereinigung.de\/wp-content\/uploads\/karriere400-1-768x256.jpg 768w, https:\/\/www.moritz-gebaeudereinigung.de\/wp-content\/uploads\/karriere400-1-800x267.jpg 800w, https:\/\/www.moritz-gebaeudereinigung.de\/wp-content\/uploads\/karriere400-1-951x317.jpg 951w\" sizes=\"auto, (max-width: 1200px) 100vw, 1200px\" \/>[\/vc_column_text][\/vc_column][\/vc_row][vc_row][vc_column][vc_empty_space height=&#8221;64px&#8221;][\/vc_column][\/vc_row][vc_row][vc_column][vc_column_text css=&#8221;&#8221;]<\/p>\n<h1>Pomo\u010d ob poplavah za dolino Ahr Moritz Geb\u00e4udereinigung je tam!<\/h1>\n<p>Razmere na poplavnih obmo\u010djih v dolini reke Ahr ostajajo dramati\u010dne. \u0160e vedno je treba veliko storiti.<br \/>\nZa nas je nudenje podpore drugim, ki jo potrebujejo, samoumevno.<br \/>\nPodarili smo \u010distilne vozi\u010dke, mope, opremo za \u010di\u0161\u010denje in \u010distilni material, ki ga prav tako nujno potrebujemo na lokalni ravni.<\/p>\n<p>Zahvaljujemo se Alexandru Schmidtu in Petri K\u00f6ser za va\u0161 trud in predanost!<\/p>\n<p><a href=\"https:\/\/www.kfz-center-schmidt.de\/\">KFZ Center Schmidt<\/a>[\/vc_column_text][\/vc_column][\/vc_row][vc_row][vc_column width=&#8221;1\/4&#8243;][vc_single_image image=&#8221;42890&#8243; img_size=&#8221;full&#8221; alignment=&#8221;center&#8221;][\/vc_column][vc_column width=&#8221;1\/4&#8243;][vc_single_image image=&#8221;42889&#8243; img_size=&#8221;full&#8221; alignment=&#8221;center&#8221;][\/vc_column][vc_column width=&#8221;1\/4&#8243;][vc_single_image image=&#8221;42888&#8243; img_size=&#8221;full&#8221; alignment=&#8221;center&#8221;][\/vc_column][vc_column width=&#8221;1\/4&#8243;][vc_single_image image=&#8221;42887&#8243; img_size=&#8221;full&#8221; alignment=&#8221;center&#8221;][\/vc_column][\/vc_row][vc_row][vc_column][vc_empty_space height=&#8221;64px&#8221;][\/vc_column][\/vc_row]<\/p>\n<\/div>","protected":false},"excerpt":{"rendered":"<p>Razmere na poplavnih obmo\u010djih v dolini reke Ahr ostajajo dramati\u010dne. \u0160e vedno je treba veliko storiti.<br \/>\nZa nas je nudenje podpore drugim, ki jo potrebujejo, samoumevno.<\/p>\n","protected":false},"author":1,"featured_media":42889,"comment_status":"closed","ping_status":"open","sticky":false,"template":"","format":"standard","meta":{"footnotes":""},"categories":[1],"tags":[],"class_list":["post-42920","post","type-post","status-publish","format-standard","has-post-thumbnail","hentry","category-unkategorisiert"],"yoast_head":"<!-- This site is optimized with the Yoast SEO plugin v27.5 - https:\/\/yoast.com\/product\/yoast-seo-wordpress\/ -->\n<title>Pomo\u010d ob poplavah v dolini Ahr - Moritz Geb\u00e4udereinigung<\/title>\n<meta name=\"robots\" content=\"index, follow, max-snippet:-1, max-image-preview:large, max-video-preview:-1\" \/>\n<link rel=\"canonical\" href=\"https:\/\/www.moritz-gebaeudereinigung.de\/sl\/pomoc-ob-poplavah-v-dolini-ahr\/\" \/>\n<meta property=\"og:locale\" content=\"sl_SI\" \/>\n<meta property=\"og:type\" content=\"article\" \/>\n<meta property=\"og:title\" content=\"Pomo\u010d ob poplavah v dolini Ahr - Moritz Geb\u00e4udereinigung\" \/>\n<meta property=\"og:description\" content=\"Razmere na poplavnih obmo\u010djih v dolini reke Ahr ostajajo dramati\u010dne. \u0160e vedno je treba veliko storiti. Za nas je nudenje podpore drugim, ki jo potrebujejo, samoumevno.\" \/>\n<meta property=\"og:url\" content=\"https:\/\/www.moritz-gebaeudereinigung.de\/sl\/pomoc-ob-poplavah-v-dolini-ahr\/\" \/>\n<meta property=\"og:site_name\" content=\"Moritz Geb\u00e4udereinigung\" \/>\n<meta property=\"article:publisher\" content=\"https:\/\/www.facebook.com\/MoritzGebaeudereinigung\/\" \/>\n<meta property=\"article:published_time\" content=\"2022-01-18T09:19:16+00:00\" \/>\n<meta property=\"article:modified_time\" content=\"2024-10-02T09:22:23+00:00\" \/>\n<meta property=\"og:image\" content=\"https:\/\/www.moritz-gebaeudereinigung.de\/wp-content\/uploads\/ca0a9da1-4fb6-4e32-83c6-91fa5ee711af.jpg\" \/>\n\t<meta property=\"og:image:width\" content=\"822\" \/>\n\t<meta property=\"og:image:height\" content=\"1134\" \/>\n\t<meta property=\"og:image:type\" content=\"image\/jpeg\" \/>\n<meta name=\"author\" content=\"martijn@punktuell.com\" \/>\n<meta name=\"twitter:card\" content=\"summary_large_image\" \/>\n<meta name=\"twitter:label1\" content=\"Written by\" \/>\n\t<meta name=\"twitter:data1\" content=\"martijn@punktuell.com\" \/>\n\t<meta name=\"twitter:label2\" content=\"Est. reading time\" \/>\n\t<meta name=\"twitter:data2\" content=\"2 minuti\" \/>\n<script type=\"application\/ld+json\" class=\"yoast-schema-graph\">{\"@context\":\"https:\\\/\\\/schema.org\",\"@graph\":[{\"@type\":\"Article\",\"@id\":\"https:\\\/\\\/www.moritz-gebaeudereinigung.de\\\/sl\\\/pomoc-ob-poplavah-v-dolini-ahr\\\/#article\",\"isPartOf\":{\"@id\":\"https:\\\/\\\/www.moritz-gebaeudereinigung.de\\\/sl\\\/pomoc-ob-poplavah-v-dolini-ahr\\\/\"},\"author\":{\"name\":\"martijn@punktuell.com\",\"@id\":\"https:\\\/\\\/www.moritz-gebaeudereinigung.de\\\/sl\\\/#\\\/schema\\\/person\\\/4b85ebd5d58273b4be460a12c3a98f2b\"},\"headline\":\"Pomo\u010d ob poplavah v dolini Ahr\",\"datePublished\":\"2022-01-18T09:19:16+00:00\",\"dateModified\":\"2024-10-02T09:22:23+00:00\",\"mainEntityOfPage\":{\"@id\":\"https:\\\/\\\/www.moritz-gebaeudereinigung.de\\\/sl\\\/pomoc-ob-poplavah-v-dolini-ahr\\\/\"},\"wordCount\":198,\"publisher\":{\"@id\":\"https:\\\/\\\/www.moritz-gebaeudereinigung.de\\\/sl\\\/#organization\"},\"image\":{\"@id\":\"https:\\\/\\\/www.moritz-gebaeudereinigung.de\\\/sl\\\/pomoc-ob-poplavah-v-dolini-ahr\\\/#primaryimage\"},\"thumbnailUrl\":\"https:\\\/\\\/www.moritz-gebaeudereinigung.de\\\/wp-content\\\/uploads\\\/ca0a9da1-4fb6-4e32-83c6-91fa5ee711af.jpg\",\"articleSection\":[\"Unkategorisiert\"],\"inLanguage\":\"sl-SI\"},{\"@type\":\"WebPage\",\"@id\":\"https:\\\/\\\/www.moritz-gebaeudereinigung.de\\\/sl\\\/pomoc-ob-poplavah-v-dolini-ahr\\\/\",\"url\":\"https:\\\/\\\/www.moritz-gebaeudereinigung.de\\\/sl\\\/pomoc-ob-poplavah-v-dolini-ahr\\\/\",\"name\":\"Pomo\u010d ob poplavah v dolini Ahr - Moritz Geb\u00e4udereinigung\",\"isPartOf\":{\"@id\":\"https:\\\/\\\/www.moritz-gebaeudereinigung.de\\\/sl\\\/#website\"},\"primaryImageOfPage\":{\"@id\":\"https:\\\/\\\/www.moritz-gebaeudereinigung.de\\\/sl\\\/pomoc-ob-poplavah-v-dolini-ahr\\\/#primaryimage\"},\"image\":{\"@id\":\"https:\\\/\\\/www.moritz-gebaeudereinigung.de\\\/sl\\\/pomoc-ob-poplavah-v-dolini-ahr\\\/#primaryimage\"},\"thumbnailUrl\":\"https:\\\/\\\/www.moritz-gebaeudereinigung.de\\\/wp-content\\\/uploads\\\/ca0a9da1-4fb6-4e32-83c6-91fa5ee711af.jpg\",\"datePublished\":\"2022-01-18T09:19:16+00:00\",\"dateModified\":\"2024-10-02T09:22:23+00:00\",\"breadcrumb\":{\"@id\":\"https:\\\/\\\/www.moritz-gebaeudereinigung.de\\\/sl\\\/pomoc-ob-poplavah-v-dolini-ahr\\\/#breadcrumb\"},\"inLanguage\":\"sl-SI\",\"potentialAction\":[{\"@type\":\"ReadAction\",\"target\":[\"https:\\\/\\\/www.moritz-gebaeudereinigung.de\\\/sl\\\/pomoc-ob-poplavah-v-dolini-ahr\\\/\"]}]},{\"@type\":\"ImageObject\",\"inLanguage\":\"sl-SI\",\"@id\":\"https:\\\/\\\/www.moritz-gebaeudereinigung.de\\\/sl\\\/pomoc-ob-poplavah-v-dolini-ahr\\\/#primaryimage\",\"url\":\"https:\\\/\\\/www.moritz-gebaeudereinigung.de\\\/wp-content\\\/uploads\\\/ca0a9da1-4fb6-4e32-83c6-91fa5ee711af.jpg\",\"contentUrl\":\"https:\\\/\\\/www.moritz-gebaeudereinigung.de\\\/wp-content\\\/uploads\\\/ca0a9da1-4fb6-4e32-83c6-91fa5ee711af.jpg\",\"width\":822,\"height\":1134},{\"@type\":\"BreadcrumbList\",\"@id\":\"https:\\\/\\\/www.moritz-gebaeudereinigung.de\\\/sl\\\/pomoc-ob-poplavah-v-dolini-ahr\\\/#breadcrumb\",\"itemListElement\":[{\"@type\":\"ListItem\",\"position\":1,\"name\":\"Startseite\",\"item\":\"https:\\\/\\\/www.moritz-gebaeudereinigung.de\\\/sl\\\/\"},{\"@type\":\"ListItem\",\"position\":2,\"name\":\"Pomo\u010d ob poplavah v dolini Ahr\"}]},{\"@type\":\"WebSite\",\"@id\":\"https:\\\/\\\/www.moritz-gebaeudereinigung.de\\\/sl\\\/#website\",\"url\":\"https:\\\/\\\/www.moritz-gebaeudereinigung.de\\\/sl\\\/\",\"name\":\"Moritz Geb\u00e4udereinigung\",\"description\":\"\",\"publisher\":{\"@id\":\"https:\\\/\\\/www.moritz-gebaeudereinigung.de\\\/sl\\\/#organization\"},\"potentialAction\":[{\"@type\":\"SearchAction\",\"target\":{\"@type\":\"EntryPoint\",\"urlTemplate\":\"https:\\\/\\\/www.moritz-gebaeudereinigung.de\\\/sl\\\/?s={search_term_string}\"},\"query-input\":{\"@type\":\"PropertyValueSpecification\",\"valueRequired\":true,\"valueName\":\"search_term_string\"}}],\"inLanguage\":\"sl-SI\"},{\"@type\":\"Organization\",\"@id\":\"https:\\\/\\\/www.moritz-gebaeudereinigung.de\\\/sl\\\/#organization\",\"name\":\"Moritz Geb\u00e4udereinigung GmbH\",\"url\":\"https:\\\/\\\/www.moritz-gebaeudereinigung.de\\\/sl\\\/\",\"logo\":{\"@type\":\"ImageObject\",\"inLanguage\":\"sl-SI\",\"@id\":\"https:\\\/\\\/www.moritz-gebaeudereinigung.de\\\/sl\\\/#\\\/schema\\\/logo\\\/image\\\/\",\"url\":\"https:\\\/\\\/www.moritz-gebaeudereinigung.de\\\/wp-content\\\/uploads\\\/moritz.png\",\"contentUrl\":\"https:\\\/\\\/www.moritz-gebaeudereinigung.de\\\/wp-content\\\/uploads\\\/moritz.png\",\"width\":800,\"height\":210,\"caption\":\"Moritz Geb\u00e4udereinigung GmbH\"},\"image\":{\"@id\":\"https:\\\/\\\/www.moritz-gebaeudereinigung.de\\\/sl\\\/#\\\/schema\\\/logo\\\/image\\\/\"},\"sameAs\":[\"https:\\\/\\\/www.facebook.com\\\/MoritzGebaeudereinigung\\\/\"]},{\"@type\":\"Person\",\"@id\":\"https:\\\/\\\/www.moritz-gebaeudereinigung.de\\\/sl\\\/#\\\/schema\\\/person\\\/4b85ebd5d58273b4be460a12c3a98f2b\",\"name\":\"martijn@punktuell.com\",\"image\":{\"@type\":\"ImageObject\",\"inLanguage\":\"sl-SI\",\"@id\":\"https:\\\/\\\/secure.gravatar.com\\\/avatar\\\/51ea22eba4f989bfb2cdb5d57cf1e1d5b560c6983f23ad5ff401c5ecd44462e8?s=96&d=mm&r=g\",\"url\":\"https:\\\/\\\/secure.gravatar.com\\\/avatar\\\/51ea22eba4f989bfb2cdb5d57cf1e1d5b560c6983f23ad5ff401c5ecd44462e8?s=96&d=mm&r=g\",\"contentUrl\":\"https:\\\/\\\/secure.gravatar.com\\\/avatar\\\/51ea22eba4f989bfb2cdb5d57cf1e1d5b560c6983f23ad5ff401c5ecd44462e8?s=96&d=mm&r=g\",\"caption\":\"martijn@punktuell.com\"}}]}<\/script>\n<!-- \/ Yoast SEO plugin. -->","yoast_head_json":{"title":"Pomo\u010d ob poplavah v dolini Ahr - Moritz Geb\u00e4udereinigung","robots":{"index":"index","follow":"follow","max-snippet":"max-snippet:-1","max-image-preview":"max-image-preview:large","max-video-preview":"max-video-preview:-1"},"canonical":"https:\/\/www.moritz-gebaeudereinigung.de\/sl\/pomoc-ob-poplavah-v-dolini-ahr\/","og_locale":"sl_SI","og_type":"article","og_title":"Pomo\u010d ob poplavah v dolini Ahr - Moritz Geb\u00e4udereinigung","og_description":"Razmere na poplavnih obmo\u010djih v dolini reke Ahr ostajajo dramati\u010dne. \u0160e vedno je treba veliko storiti. Za nas je nudenje podpore drugim, ki jo potrebujejo, samoumevno.","og_url":"https:\/\/www.moritz-gebaeudereinigung.de\/sl\/pomoc-ob-poplavah-v-dolini-ahr\/","og_site_name":"Moritz Geb\u00e4udereinigung","article_publisher":"https:\/\/www.facebook.com\/MoritzGebaeudereinigung\/","article_published_time":"2022-01-18T09:19:16+00:00","article_modified_time":"2024-10-02T09:22:23+00:00","og_image":[{"width":822,"height":1134,"url":"https:\/\/www.moritz-gebaeudereinigung.de\/wp-content\/uploads\/ca0a9da1-4fb6-4e32-83c6-91fa5ee711af.jpg","type":"image\/jpeg"}],"author":"martijn@punktuell.com","twitter_card":"summary_large_image","twitter_misc":{"Written by":"martijn@punktuell.com","Est. reading time":"2 minuti"},"schema":{"@context":"https:\/\/schema.org","@graph":[{"@type":"Article","@id":"https:\/\/www.moritz-gebaeudereinigung.de\/sl\/pomoc-ob-poplavah-v-dolini-ahr\/#article","isPartOf":{"@id":"https:\/\/www.moritz-gebaeudereinigung.de\/sl\/pomoc-ob-poplavah-v-dolini-ahr\/"},"author":{"name":"martijn@punktuell.com","@id":"https:\/\/www.moritz-gebaeudereinigung.de\/sl\/#\/schema\/person\/4b85ebd5d58273b4be460a12c3a98f2b"},"headline":"Pomo\u010d ob poplavah v dolini Ahr","datePublished":"2022-01-18T09:19:16+00:00","dateModified":"2024-10-02T09:22:23+00:00","mainEntityOfPage":{"@id":"https:\/\/www.moritz-gebaeudereinigung.de\/sl\/pomoc-ob-poplavah-v-dolini-ahr\/"},"wordCount":198,"publisher":{"@id":"https:\/\/www.moritz-gebaeudereinigung.de\/sl\/#organization"},"image":{"@id":"https:\/\/www.moritz-gebaeudereinigung.de\/sl\/pomoc-ob-poplavah-v-dolini-ahr\/#primaryimage"},"thumbnailUrl":"https:\/\/www.moritz-gebaeudereinigung.de\/wp-content\/uploads\/ca0a9da1-4fb6-4e32-83c6-91fa5ee711af.jpg","articleSection":["Unkategorisiert"],"inLanguage":"sl-SI"},{"@type":"WebPage","@id":"https:\/\/www.moritz-gebaeudereinigung.de\/sl\/pomoc-ob-poplavah-v-dolini-ahr\/","url":"https:\/\/www.moritz-gebaeudereinigung.de\/sl\/pomoc-ob-poplavah-v-dolini-ahr\/","name":"Pomo\u010d ob poplavah v dolini Ahr - Moritz Geb\u00e4udereinigung","isPartOf":{"@id":"https:\/\/www.moritz-gebaeudereinigung.de\/sl\/#website"},"primaryImageOfPage":{"@id":"https:\/\/www.moritz-gebaeudereinigung.de\/sl\/pomoc-ob-poplavah-v-dolini-ahr\/#primaryimage"},"image":{"@id":"https:\/\/www.moritz-gebaeudereinigung.de\/sl\/pomoc-ob-poplavah-v-dolini-ahr\/#primaryimage"},"thumbnailUrl":"https:\/\/www.moritz-gebaeudereinigung.de\/wp-content\/uploads\/ca0a9da1-4fb6-4e32-83c6-91fa5ee711af.jpg","datePublished":"2022-01-18T09:19:16+00:00","dateModified":"2024-10-02T09:22:23+00:00","breadcrumb":{"@id":"https:\/\/www.moritz-gebaeudereinigung.de\/sl\/pomoc-ob-poplavah-v-dolini-ahr\/#breadcrumb"},"inLanguage":"sl-SI","potentialAction":[{"@type":"ReadAction","target":["https:\/\/www.moritz-gebaeudereinigung.de\/sl\/pomoc-ob-poplavah-v-dolini-ahr\/"]}]},{"@type":"ImageObject","inLanguage":"sl-SI","@id":"https:\/\/www.moritz-gebaeudereinigung.de\/sl\/pomoc-ob-poplavah-v-dolini-ahr\/#primaryimage","url":"https:\/\/www.moritz-gebaeudereinigung.de\/wp-content\/uploads\/ca0a9da1-4fb6-4e32-83c6-91fa5ee711af.jpg","contentUrl":"https:\/\/www.moritz-gebaeudereinigung.de\/wp-content\/uploads\/ca0a9da1-4fb6-4e32-83c6-91fa5ee711af.jpg","width":822,"height":1134},{"@type":"BreadcrumbList","@id":"https:\/\/www.moritz-gebaeudereinigung.de\/sl\/pomoc-ob-poplavah-v-dolini-ahr\/#breadcrumb","itemListElement":[{"@type":"ListItem","position":1,"name":"Startseite","item":"https:\/\/www.moritz-gebaeudereinigung.de\/sl\/"},{"@type":"ListItem","position":2,"name":"Pomo\u010d ob poplavah v dolini Ahr"}]},{"@type":"WebSite","@id":"https:\/\/www.moritz-gebaeudereinigung.de\/sl\/#website","url":"https:\/\/www.moritz-gebaeudereinigung.de\/sl\/","name":"Moritz Geb\u00e4udereinigung","description":"","publisher":{"@id":"https:\/\/www.moritz-gebaeudereinigung.de\/sl\/#organization"},"potentialAction":[{"@type":"SearchAction","target":{"@type":"EntryPoint","urlTemplate":"https:\/\/www.moritz-gebaeudereinigung.de\/sl\/?s={search_term_string}"},"query-input":{"@type":"PropertyValueSpecification","valueRequired":true,"valueName":"search_term_string"}}],"inLanguage":"sl-SI"},{"@type":"Organization","@id":"https:\/\/www.moritz-gebaeudereinigung.de\/sl\/#organization","name":"Moritz Geb\u00e4udereinigung GmbH","url":"https:\/\/www.moritz-gebaeudereinigung.de\/sl\/","logo":{"@type":"ImageObject","inLanguage":"sl-SI","@id":"https:\/\/www.moritz-gebaeudereinigung.de\/sl\/#\/schema\/logo\/image\/","url":"https:\/\/www.moritz-gebaeudereinigung.de\/wp-content\/uploads\/moritz.png","contentUrl":"https:\/\/www.moritz-gebaeudereinigung.de\/wp-content\/uploads\/moritz.png","width":800,"height":210,"caption":"Moritz Geb\u00e4udereinigung GmbH"},"image":{"@id":"https:\/\/www.moritz-gebaeudereinigung.de\/sl\/#\/schema\/logo\/image\/"},"sameAs":["https:\/\/www.facebook.com\/MoritzGebaeudereinigung\/"]},{"@type":"Person","@id":"https:\/\/www.moritz-gebaeudereinigung.de\/sl\/#\/schema\/person\/4b85ebd5d58273b4be460a12c3a98f2b","name":"martijn@punktuell.com","image":{"@type":"ImageObject","inLanguage":"sl-SI","@id":"https:\/\/secure.gravatar.com\/avatar\/51ea22eba4f989bfb2cdb5d57cf1e1d5b560c6983f23ad5ff401c5ecd44462e8?s=96&d=mm&r=g","url":"https:\/\/secure.gravatar.com\/avatar\/51ea22eba4f989bfb2cdb5d57cf1e1d5b560c6983f23ad5ff401c5ecd44462e8?s=96&d=mm&r=g","contentUrl":"https:\/\/secure.gravatar.com\/avatar\/51ea22eba4f989bfb2cdb5d57cf1e1d5b560c6983f23ad5ff401c5ecd44462e8?s=96&d=mm&r=g","caption":"martijn@punktuell.com"}}]}},"_links":{"self":[{"href":"https:\/\/www.moritz-gebaeudereinigung.de\/sl\/wp-json\/wp\/v2\/posts\/42920","targetHints":{"allow":["GET"]}}],"collection":[{"href":"https:\/\/www.moritz-gebaeudereinigung.de\/sl\/wp-json\/wp\/v2\/posts"}],"about":[{"href":"https:\/\/www.moritz-gebaeudereinigung.de\/sl\/wp-json\/wp\/v2\/types\/post"}],"author":[{"embeddable":true,"href":"https:\/\/www.moritz-gebaeudereinigung.de\/sl\/wp-json\/wp\/v2\/users\/1"}],"replies":[{"embeddable":true,"href":"https:\/\/www.moritz-gebaeudereinigung.de\/sl\/wp-json\/wp\/v2\/comments?post=42920"}],"version-history":[{"count":0,"href":"https:\/\/www.moritz-gebaeudereinigung.de\/sl\/wp-json\/wp\/v2\/posts\/42920\/revisions"}],"wp:featuredmedia":[{"embeddable":true,"href":"https:\/\/www.moritz-gebaeudereinigung.de\/sl\/wp-json\/wp\/v2\/media\/42889"}],"wp:attachment":[{"href":"https:\/\/www.moritz-gebaeudereinigung.de\/sl\/wp-json\/wp\/v2\/media?parent=42920"}],"wp:term":[{"taxonomy":"category","embeddable":true,"href":"https:\/\/www.moritz-gebaeudereinigung.de\/sl\/wp-json\/wp\/v2\/categories?post=42920"},{"taxonomy":"post_tag","embeddable":true,"href":"https:\/\/www.moritz-gebaeudereinigung.de\/sl\/wp-json\/wp\/v2\/tags?post=42920"}],"curies":[{"name":"wp","href":"https:\/\/api.w.org\/{rel}","templated":true}]}}